{"id":431,"date":"2020-12-31T14:39:22","date_gmt":"2020-12-31T14:39:22","guid":{"rendered":"http:\/\/poste20.web-ecole.fr\/?p=430"},"modified":"2020-12-31T18:22:35","modified_gmt":"2020-12-31T17:22:35","slug":"don-a-la-mairie-et-au-lycee-de-gueoul","status":"publish","type":"post","link":"https:\/\/gueouldiaspora.org\/?p=431","title":{"rendered":"Don \u00e0 la Mairie et au Lyc\u00e9e de Gu\u00e9oul"},"content":{"rendered":"\n<p class=\"has-large-font-size\"><strong>Revivre l&rsquo;\u00e9v\u00e9nement<\/strong><\/p>\n\n\n\n<figure class=\"wp-block-embed-youtube wp-block-embed is-type-video is-provider-youtube wp-embed-aspect-16-9 wp-has-aspect-ratio\"><div class=\"wp-block-embed__wrapper\">\n<iframe loading=\"lazy\" title=\"Don de Gueoul diasporas a la mairie et lyc\u00e9e de Gueoul (masques et livres)\" width=\"768\" height=\"432\" src=\"https:\/\/www.youtube.com\/embed\/pJw-dVr87XM?feature=oembed\" frameborder=\"0\" allow=\"accelerometer; autoplay; clipboard-write; encrypted-media; gyroscope; picture-in-picture\" allowfullscreen><\/iframe>\n<\/div><\/figure>\n\n\n\n<p><\/p>\n","protected":false},"excerpt":{"rendered":"<p>Revivre l&rsquo;\u00e9v\u00e9nement<\/p>\n","protected":false},"author":2,"featured_media":0,"comment_status":"open","ping_status":"open","sticky":false,"template":"","format":"standard","meta":{"footnotes":""},"categories":[2,9],"tags":[],"class_list":["post-431","post","type-post","status-publish","format-standard","hentry","category-accueil","category-nos-realisations"],"yoast_head":"<!-- This site is optimized with the Yoast SEO plugin v24.9 - https:\/\/yoast.com\/wordpress\/plugins\/seo\/ -->\n<title>Don \u00e0 la Mairie et au Lyc\u00e9e de Gu\u00e9oul - F\u00e9d\u00e9ration Gu\u00e9oul Diaspora<\/title>\n<meta name=\"description\" content=\"Gu\u00e9oul Diaspora, Don de masque pour lutter contre la pand\u00e9mie de la Covid19 et d&#039;un lot important de livres \u00e0 Gu\u00e9oul\" \/>\n<meta name=\"robots\" content=\"index, follow, max-snippet:-1, max-image-preview:large, max-video-preview:-1\" \/>\n<link rel=\"canonical\" href=\"https:\/\/gueouldiaspora.org\/?p=431\" \/>\n<meta property=\"og:locale\" content=\"fr_FR\" \/>\n<meta property=\"og:type\" content=\"article\" \/>\n<meta property=\"og:title\" content=\"Don \u00e0 la Mairie et au Lyc\u00e9e de Gu\u00e9oul - F\u00e9d\u00e9ration Gu\u00e9oul Diaspora\" \/>\n<meta property=\"og:description\" content=\"Gu\u00e9oul Diaspora, Don de masque pour lutter contre la pand\u00e9mie de la Covid19 et d&#039;un lot important de livres \u00e0 Gu\u00e9oul\" \/>\n<meta property=\"og:url\" content=\"https:\/\/gueouldiaspora.org\/?p=431\" \/>\n<meta property=\"og:site_name\" content=\"F\u00e9d\u00e9ration Gu\u00e9oul Diaspora\" \/>\n<meta property=\"article:published_time\" content=\"2020-12-31T14:39:22+00:00\" \/>\n<meta property=\"article:modified_time\" content=\"2020-12-31T17:22:35+00:00\" \/>\n<meta name=\"author\" content=\"GUEOUL DIASPORA\" \/>\n<meta name=\"twitter:label1\" content=\"\u00c9crit par\" \/>\n\t<meta name=\"twitter:data1\" content=\"GUEOUL DIASPORA\" \/>\n<script type=\"application\/ld+json\" class=\"yoast-schema-graph\">{\"@context\":\"https:\/\/schema.org\",\"@graph\":[{\"@type\":\"WebPage\",\"@id\":\"https:\/\/gueouldiaspora.org\/?p=431\",\"url\":\"https:\/\/gueouldiaspora.org\/?p=431\",\"name\":\"Don \u00e0 la Mairie et au Lyc\u00e9e de Gu\u00e9oul - F\u00e9d\u00e9ration Gu\u00e9oul Diaspora\",\"isPartOf\":{\"@id\":\"https:\/\/gueouldiaspora.org\/#website\"},\"datePublished\":\"2020-12-31T14:39:22+00:00\",\"dateModified\":\"2020-12-31T17:22:35+00:00\",\"author\":{\"@id\":\"https:\/\/gueouldiaspora.org\/#\/schema\/person\/393fdb8af6479bc8987f4f94f646d51b\"},\"description\":\"Gu\u00e9oul Diaspora, Don de masque pour lutter contre la pand\u00e9mie de la Covid19 et d'un lot important de livres \u00e0 Gu\u00e9oul\",\"inLanguage\":\"fr-FR\",\"potentialAction\":[{\"@type\":\"ReadAction\",\"target\":[\"https:\/\/gueouldiaspora.org\/?p=431\"]}]},{\"@type\":\"WebSite\",\"@id\":\"https:\/\/gueouldiaspora.org\/#website\",\"url\":\"https:\/\/gueouldiaspora.org\/\",\"name\":\"F\u00e9d\u00e9ration Gu\u00e9oul Diaspora\",\"description\":\"S&#039;unir pour mieux Servir\",\"potentialAction\":[{\"@type\":\"SearchAction\",\"target\":{\"@type\":\"EntryPoint\",\"urlTemplate\":\"https:\/\/gueouldiaspora.org\/?s={search_term_string}\"},\"query-input\":{\"@type\":\"PropertyValueSpecification\",\"valueRequired\":true,\"valueName\":\"search_term_string\"}}],\"inLanguage\":\"fr-FR\"},{\"@type\":\"Person\",\"@id\":\"https:\/\/gueouldiaspora.org\/#\/schema\/person\/393fdb8af6479bc8987f4f94f646d51b\",\"name\":\"GUEOUL DIASPORA\",\"image\":{\"@type\":\"ImageObject\",\"inLanguage\":\"fr-FR\",\"@id\":\"https:\/\/gueouldiaspora.org\/#\/schema\/person\/image\/\",\"url\":\"https:\/\/secure.gravatar.com\/avatar\/da3f0e9f4bbf966f00fab1bfd8e7f7b7?s=96&d=mm&r=g\",\"contentUrl\":\"https:\/\/secure.gravatar.com\/avatar\/da3f0e9f4bbf966f00fab1bfd8e7f7b7?s=96&d=mm&r=g\",\"caption\":\"GUEOUL DIASPORA\"},\"url\":\"https:\/\/gueouldiaspora.org\/?author=2\"}]}<\/script>\n<!-- \/ Yoast SEO plugin. -->","yoast_head_json":{"title":"Don \u00e0 la Mairie et au Lyc\u00e9e de Gu\u00e9oul - F\u00e9d\u00e9ration Gu\u00e9oul Diaspora","description":"Gu\u00e9oul Diaspora, Don de masque pour lutter contre la pand\u00e9mie de la Covid19 et d'un lot important de livres \u00e0 Gu\u00e9oul","robots":{"index":"index","follow":"follow","max-snippet":"max-snippet:-1","max-image-preview":"max-image-preview:large","max-video-preview":"max-video-preview:-1"},"canonical":"https:\/\/gueouldiaspora.org\/?p=431","og_locale":"fr_FR","og_type":"article","og_title":"Don \u00e0 la Mairie et au Lyc\u00e9e de Gu\u00e9oul - F\u00e9d\u00e9ration Gu\u00e9oul Diaspora","og_description":"Gu\u00e9oul Diaspora, Don de masque pour lutter contre la pand\u00e9mie de la Covid19 et d'un lot important de livres \u00e0 Gu\u00e9oul","og_url":"https:\/\/gueouldiaspora.org\/?p=431","og_site_name":"F\u00e9d\u00e9ration Gu\u00e9oul Diaspora","article_published_time":"2020-12-31T14:39:22+00:00","article_modified_time":"2020-12-31T17:22:35+00:00","author":"GUEOUL DIASPORA","twitter_misc":{"\u00c9crit par":"GUEOUL DIASPORA"},"schema":{"@context":"https:\/\/schema.org","@graph":[{"@type":"WebPage","@id":"https:\/\/gueouldiaspora.org\/?p=431","url":"https:\/\/gueouldiaspora.org\/?p=431","name":"Don \u00e0 la Mairie et au Lyc\u00e9e de Gu\u00e9oul - F\u00e9d\u00e9ration Gu\u00e9oul Diaspora","isPartOf":{"@id":"https:\/\/gueouldiaspora.org\/#website"},"datePublished":"2020-12-31T14:39:22+00:00","dateModified":"2020-12-31T17:22:35+00:00","author":{"@id":"https:\/\/gueouldiaspora.org\/#\/schema\/person\/393fdb8af6479bc8987f4f94f646d51b"},"description":"Gu\u00e9oul Diaspora, Don de masque pour lutter contre la pand\u00e9mie de la Covid19 et d'un lot important de livres \u00e0 Gu\u00e9oul","inLanguage":"fr-FR","potentialAction":[{"@type":"ReadAction","target":["https:\/\/gueouldiaspora.org\/?p=431"]}]},{"@type":"WebSite","@id":"https:\/\/gueouldiaspora.org\/#website","url":"https:\/\/gueouldiaspora.org\/","name":"F\u00e9d\u00e9ration Gu\u00e9oul Diaspora","description":"S&#039;unir pour mieux Servir","potentialAction":[{"@type":"SearchAction","target":{"@type":"EntryPoint","urlTemplate":"https:\/\/gueouldiaspora.org\/?s={search_term_string}"},"query-input":{"@type":"PropertyValueSpecification","valueRequired":true,"valueName":"search_term_string"}}],"inLanguage":"fr-FR"},{"@type":"Person","@id":"https:\/\/gueouldiaspora.org\/#\/schema\/person\/393fdb8af6479bc8987f4f94f646d51b","name":"GUEOUL DIASPORA","image":{"@type":"ImageObject","inLanguage":"fr-FR","@id":"https:\/\/gueouldiaspora.org\/#\/schema\/person\/image\/","url":"https:\/\/secure.gravatar.com\/avatar\/da3f0e9f4bbf966f00fab1bfd8e7f7b7?s=96&d=mm&r=g","contentUrl":"https:\/\/secure.gravatar.com\/avatar\/da3f0e9f4bbf966f00fab1bfd8e7f7b7?s=96&d=mm&r=g","caption":"GUEOUL DIASPORA"},"url":"https:\/\/gueouldiaspora.org\/?author=2"}]}},"_links":{"self":[{"href":"https:\/\/gueouldiaspora.org\/index.php?rest_route=\/wp\/v2\/posts\/431","targetHints":{"allow":["GET"]}}],"collection":[{"href":"https:\/\/gueouldiaspora.org\/index.php?rest_route=\/wp\/v2\/posts"}],"about":[{"href":"https:\/\/gueouldiaspora.org\/index.php?rest_route=\/wp\/v2\/types\/post"}],"author":[{"embeddable":true,"href":"https:\/\/gueouldiaspora.org\/index.php?rest_route=\/wp\/v2\/users\/2"}],"replies":[{"embeddable":true,"href":"https:\/\/gueouldiaspora.org\/index.php?rest_route=%2Fwp%2Fv2%2Fcomments&post=431"}],"version-history":[{"count":0,"href":"https:\/\/gueouldiaspora.org\/index.php?rest_route=\/wp\/v2\/posts\/431\/revisions"}],"wp:attachment":[{"href":"https:\/\/gueouldiaspora.org\/index.php?rest_route=%2Fwp%2Fv2%2Fmedia&parent=431"}],"wp:term":[{"taxonomy":"category","embeddable":true,"href":"https:\/\/gueouldiaspora.org\/index.php?rest_route=%2Fwp%2Fv2%2Fcategories&post=431"},{"taxonomy":"post_tag","embeddable":true,"href":"https:\/\/gueouldiaspora.org\/index.php?rest_route=%2Fwp%2Fv2%2Ftags&post=431"}],"curies":[{"name":"wp","href":"https:\/\/api.w.org\/{rel}","templated":true}]}}