{"id":366,"date":"2020-12-27T00:20:15","date_gmt":"2020-12-27T00:20:15","guid":{"rendered":"http:\/\/poste20.web-ecole.fr\/?p=366"},"modified":"2020-12-31T21:32:45","modified_gmt":"2020-12-31T20:32:45","slug":"gueoul-diaspora-masque-covid-19","status":"publish","type":"post","link":"https:\/\/gueouldiaspora.org\/?p=366","title":{"rendered":"Lutte contre la Covid-19"},"content":{"rendered":"\n<p class=\"has-large-font-size\"><strong>Don de de masques \u00e0 la Mairie<\/strong><\/p>\n\n\n\n<p class=\"has-text-align-center\">Le coordinateur de Gu\u00e9oul Diaspora, Ousmane Kane, accompagn\u00e9 d&rsquo;une forte d\u00e9l\u00e9gation compos\u00e9e des repr\u00e9sentants des divers pays, Alioune Gaye et Elhadji Dieng (Espagne), Moustapha Sow dit Tapha Mback\u00e9 (France) Malick Ba (Dubai), Assane Sakho (Italie), Elhadji Samba Ba (Belgique) a proc\u00e9d\u00e9 \u00e0 la remise d&rsquo;un important lot&nbsp; de masques \u00e0 la mairie dans le but de contribuer \u00e0 la lutte contre la pand\u00e9mie. Les masques ont \u00e9t\u00e9 remis au Premier Adjoint au Maire M.Abdourakhmane Diop, qui a magnifi\u00e9 ce geste d&rsquo;une importance capitale de la part des fils de Gu\u00e9oul \u00e9tablis \u00e0 l&rsquo;\u00e9tranger. A signaler que cette c\u00e9r\u00e9monie s&rsquo;est d\u00e9roul\u00e9e \u00e0 la salle de d\u00e9lib\u00e9ration de la mairie de Gu\u00e9oul en pr\u00e9sence d&rsquo;une vingtaine de conseillers municipaux.<\/p>\n\n\n\n<div class=\"wp-block-group\"><div class=\"wp-block-group__inner-container is-layout-flow wp-block-group-is-layout-flow\">\n<figure class=\"wp-block-gallery columns-0 is-cropped wp-block-gallery-1 is-layout-flex wp-block-gallery-is-layout-flex\"><ul class=\"blocks-gallery-grid\"><li class=\"blocks-gallery-item\"><figure><img loading=\"lazy\" decoding=\"async\" width=\"1024\" height=\"768\" src=\"https:\/\/gueouldiaspora.org\/wp-content\/uploads\/2020\/12\/IMG-20201227-WA0007.jpg\" alt=\"\" data-id=\"377\" data-full-url=\"https:\/\/gueouldiaspora.org\/wp-content\/uploads\/2020\/12\/IMG-20201227-WA0007.jpg\" data-link=\"https:\/\/gueouldiaspora.org\/img-20201227-wa0007\/\" class=\"wp-image-377\" srcset=\"https:\/\/gueouldiaspora.org\/wp-content\/uploads\/2020\/12\/IMG-20201227-WA0007.jpg 1024w, https:\/\/gueouldiaspora.org\/wp-content\/uploads\/2020\/12\/IMG-20201227-WA0007-300x225.jpg 300w, https:\/\/gueouldiaspora.org\/wp-content\/uploads\/2020\/12\/IMG-20201227-WA0007-768x576.jpg 768w\" sizes=\"auto, (max-width: 1024px) 100vw, 1024px\" \/><\/figure><\/li><li class=\"blocks-gallery-item\"><figure><img loading=\"lazy\" decoding=\"async\" width=\"1024\" height=\"768\" src=\"https:\/\/gueouldiaspora.org\/wp-content\/uploads\/2020\/12\/IMG-20201227-WA0006.jpg\" alt=\"\" data-id=\"375\" data-full-url=\"https:\/\/gueouldiaspora.org\/wp-content\/uploads\/2020\/12\/IMG-20201227-WA0006.jpg\" data-link=\"https:\/\/gueouldiaspora.org\/img-20201227-wa0006\/\" class=\"wp-image-375\" srcset=\"https:\/\/gueouldiaspora.org\/wp-content\/uploads\/2020\/12\/IMG-20201227-WA0006.jpg 1024w, https:\/\/gueouldiaspora.org\/wp-content\/uploads\/2020\/12\/IMG-20201227-WA0006-300x225.jpg 300w, https:\/\/gueouldiaspora.org\/wp-content\/uploads\/2020\/12\/IMG-20201227-WA0006-768x576.jpg 768w\" sizes=\"auto, (max-width: 1024px) 100vw, 1024px\" \/><\/figure><\/li><li class=\"blocks-gallery-item\"><figure><img loading=\"lazy\" decoding=\"async\" width=\"768\" height=\"1024\" src=\"https:\/\/gueouldiaspora.org\/wp-content\/uploads\/2020\/12\/IMG-20201227-WA0012.jpg\" alt=\"\" data-id=\"373\" data-full-url=\"https:\/\/gueouldiaspora.org\/wp-content\/uploads\/2020\/12\/IMG-20201227-WA0012.jpg\" data-link=\"https:\/\/gueouldiaspora.org\/img-20201227-wa0012\/\" class=\"wp-image-373\" srcset=\"https:\/\/gueouldiaspora.org\/wp-content\/uploads\/2020\/12\/IMG-20201227-WA0012.jpg 768w, https:\/\/gueouldiaspora.org\/wp-content\/uploads\/2020\/12\/IMG-20201227-WA0012-225x300.jpg 225w\" sizes=\"auto, (max-width: 768px) 100vw, 768px\" \/><\/figure><\/li><li class=\"blocks-gallery-item\"><figure><img loading=\"lazy\" decoding=\"async\" width=\"1024\" height=\"768\" src=\"https:\/\/gueouldiaspora.org\/wp-content\/uploads\/2020\/12\/IMG-20201227-WA0011.jpg\" alt=\"Don de masques\" data-id=\"368\" data-full-url=\"https:\/\/gueouldiaspora.org\/wp-content\/uploads\/2020\/12\/IMG-20201227-WA0011.jpg\" data-link=\"https:\/\/gueouldiaspora.org\/img-20201227-wa0011\/\" class=\"wp-image-368\" srcset=\"https:\/\/gueouldiaspora.org\/wp-content\/uploads\/2020\/12\/IMG-20201227-WA0011.jpg 1024w, https:\/\/gueouldiaspora.org\/wp-content\/uploads\/2020\/12\/IMG-20201227-WA0011-300x225.jpg 300w, https:\/\/gueouldiaspora.org\/wp-content\/uploads\/2020\/12\/IMG-20201227-WA0011-768x576.jpg 768w\" sizes=\"auto, (max-width: 1024px) 100vw, 1024px\" \/><\/figure><\/li><\/ul><\/figure>\n<\/div><\/div>\n","protected":false},"excerpt":{"rendered":"<p>Don de de masques \u00e0 la Mairie Le coordinateur de Gu\u00e9oul Diaspora, Ousmane Kane, accompagn\u00e9 d&rsquo;une forte d\u00e9l\u00e9gation compos\u00e9e des repr\u00e9sentants des divers pays, Alioune Gaye et Elhadji Dieng (Espagne), [&hellip;]<\/p>\n","protected":false},"author":2,"featured_media":375,"comment_status":"open","ping_status":"open","sticky":false,"template":"","format":"standard","meta":{"footnotes":""},"categories":[2,3],"tags":[],"class_list":["post-366","post","type-post","status-publish","format-standard","has-post-thumbnail","hentry","category-accueil","category-actualites"],"yoast_head":"<!-- This site is optimized with the Yoast SEO plugin v24.9 - https:\/\/yoast.com\/wordpress\/plugins\/seo\/ -->\n<title>F\u00e9d\u00e9ration Gu\u00e9oul Diaspora - Lutte contre la Covid-19 - Don de masques<\/title>\n<meta name=\"description\" content=\"Remise d&#039;un important lot de masques \u00e0 la mairie dans le but de contribuer \u00e0 la lutte contre la pand\u00e9mie de la Covid-19\" \/>\n<meta name=\"robots\" content=\"index, follow, max-snippet:-1, max-image-preview:large, max-video-preview:-1\" \/>\n<link rel=\"canonical\" href=\"https:\/\/gueouldiaspora.org\/?p=366\" \/>\n<meta property=\"og:locale\" content=\"fr_FR\" \/>\n<meta property=\"og:type\" content=\"article\" \/>\n<meta property=\"og:title\" content=\"F\u00e9d\u00e9ration Gu\u00e9oul Diaspora - Lutte contre la Covid-19 - Don de masques\" \/>\n<meta property=\"og:description\" content=\"Remise d&#039;un important lot de masques \u00e0 la mairie dans le but de contribuer \u00e0 la lutte contre la pand\u00e9mie de la Covid-19\" \/>\n<meta property=\"og:url\" content=\"https:\/\/gueouldiaspora.org\/?p=366\" \/>\n<meta property=\"og:site_name\" content=\"F\u00e9d\u00e9ration Gu\u00e9oul Diaspora\" \/>\n<meta property=\"article:published_time\" content=\"2020-12-27T00:20:15+00:00\" \/>\n<meta property=\"article:modified_time\" content=\"2020-12-31T20:32:45+00:00\" \/>\n<meta property=\"og:image\" content=\"https:\/\/gueouldiaspora.org\/wp-content\/uploads\/2020\/12\/IMG-20201227-WA0006.jpg\" \/>\n\t<meta property=\"og:image:width\" content=\"1024\" \/>\n\t<meta property=\"og:image:height\" content=\"768\" \/>\n\t<meta property=\"og:image:type\" content=\"image\/jpeg\" \/>\n<meta name=\"author\" content=\"GUEOUL DIASPORA\" \/>\n<meta name=\"twitter:label1\" content=\"\u00c9crit par\" \/>\n\t<meta name=\"twitter:data1\" content=\"GUEOUL DIASPORA\" \/>\n\t<meta name=\"twitter:label2\" content=\"Dur\u00e9e de lecture estim\u00e9e\" \/>\n\t<meta name=\"twitter:data2\" content=\"1 minute\" \/>\n<script type=\"application\/ld+json\" class=\"yoast-schema-graph\">{\"@context\":\"https:\/\/schema.org\",\"@graph\":[{\"@type\":\"WebPage\",\"@id\":\"https:\/\/gueouldiaspora.org\/?p=366\",\"url\":\"https:\/\/gueouldiaspora.org\/?p=366\",\"name\":\"F\u00e9d\u00e9ration Gu\u00e9oul Diaspora - Lutte contre la Covid-19 - Don de masques\",\"isPartOf\":{\"@id\":\"https:\/\/gueouldiaspora.org\/#website\"},\"primaryImageOfPage\":{\"@id\":\"https:\/\/gueouldiaspora.org\/?p=366#primaryimage\"},\"image\":{\"@id\":\"https:\/\/gueouldiaspora.org\/?p=366#primaryimage\"},\"thumbnailUrl\":\"https:\/\/gueouldiaspora.org\/wp-content\/uploads\/2020\/12\/IMG-20201227-WA0006.jpg\",\"datePublished\":\"2020-12-27T00:20:15+00:00\",\"dateModified\":\"2020-12-31T20:32:45+00:00\",\"author\":{\"@id\":\"https:\/\/gueouldiaspora.org\/#\/schema\/person\/393fdb8af6479bc8987f4f94f646d51b\"},\"description\":\"Remise d'un important lot de masques \u00e0 la mairie dans le but de contribuer \u00e0 la lutte contre la pand\u00e9mie de la Covid-19\",\"inLanguage\":\"fr-FR\",\"potentialAction\":[{\"@type\":\"ReadAction\",\"target\":[\"https:\/\/gueouldiaspora.org\/?p=366\"]}]},{\"@type\":\"ImageObject\",\"inLanguage\":\"fr-FR\",\"@id\":\"https:\/\/gueouldiaspora.org\/?p=366#primaryimage\",\"url\":\"https:\/\/gueouldiaspora.org\/wp-content\/uploads\/2020\/12\/IMG-20201227-WA0006.jpg\",\"contentUrl\":\"https:\/\/gueouldiaspora.org\/wp-content\/uploads\/2020\/12\/IMG-20201227-WA0006.jpg\",\"width\":1024,\"height\":768},{\"@type\":\"WebSite\",\"@id\":\"https:\/\/gueouldiaspora.org\/#website\",\"url\":\"https:\/\/gueouldiaspora.org\/\",\"name\":\"F\u00e9d\u00e9ration Gu\u00e9oul Diaspora\",\"description\":\"S&#039;unir pour mieux Servir\",\"potentialAction\":[{\"@type\":\"SearchAction\",\"target\":{\"@type\":\"EntryPoint\",\"urlTemplate\":\"https:\/\/gueouldiaspora.org\/?s={search_term_string}\"},\"query-input\":{\"@type\":\"PropertyValueSpecification\",\"valueRequired\":true,\"valueName\":\"search_term_string\"}}],\"inLanguage\":\"fr-FR\"},{\"@type\":\"Person\",\"@id\":\"https:\/\/gueouldiaspora.org\/#\/schema\/person\/393fdb8af6479bc8987f4f94f646d51b\",\"name\":\"GUEOUL DIASPORA\",\"image\":{\"@type\":\"ImageObject\",\"inLanguage\":\"fr-FR\",\"@id\":\"https:\/\/gueouldiaspora.org\/#\/schema\/person\/image\/\",\"url\":\"https:\/\/secure.gravatar.com\/avatar\/da3f0e9f4bbf966f00fab1bfd8e7f7b7?s=96&d=mm&r=g\",\"contentUrl\":\"https:\/\/secure.gravatar.com\/avatar\/da3f0e9f4bbf966f00fab1bfd8e7f7b7?s=96&d=mm&r=g\",\"caption\":\"GUEOUL DIASPORA\"},\"url\":\"https:\/\/gueouldiaspora.org\/?author=2\"}]}<\/script>\n<!-- \/ Yoast SEO plugin. -->","yoast_head_json":{"title":"F\u00e9d\u00e9ration Gu\u00e9oul Diaspora - Lutte contre la Covid-19 - Don de masques","description":"Remise d'un important lot de masques \u00e0 la mairie dans le but de contribuer \u00e0 la lutte contre la pand\u00e9mie de la Covid-19","robots":{"index":"index","follow":"follow","max-snippet":"max-snippet:-1","max-image-preview":"max-image-preview:large","max-video-preview":"max-video-preview:-1"},"canonical":"https:\/\/gueouldiaspora.org\/?p=366","og_locale":"fr_FR","og_type":"article","og_title":"F\u00e9d\u00e9ration Gu\u00e9oul Diaspora - Lutte contre la Covid-19 - Don de masques","og_description":"Remise d'un important lot de masques \u00e0 la mairie dans le but de contribuer \u00e0 la lutte contre la pand\u00e9mie de la Covid-19","og_url":"https:\/\/gueouldiaspora.org\/?p=366","og_site_name":"F\u00e9d\u00e9ration Gu\u00e9oul Diaspora","article_published_time":"2020-12-27T00:20:15+00:00","article_modified_time":"2020-12-31T20:32:45+00:00","og_image":[{"width":1024,"height":768,"url":"https:\/\/gueouldiaspora.org\/wp-content\/uploads\/2020\/12\/IMG-20201227-WA0006.jpg","type":"image\/jpeg"}],"author":"GUEOUL DIASPORA","twitter_misc":{"\u00c9crit par":"GUEOUL DIASPORA","Dur\u00e9e de lecture estim\u00e9e":"1 minute"},"schema":{"@context":"https:\/\/schema.org","@graph":[{"@type":"WebPage","@id":"https:\/\/gueouldiaspora.org\/?p=366","url":"https:\/\/gueouldiaspora.org\/?p=366","name":"F\u00e9d\u00e9ration Gu\u00e9oul Diaspora - Lutte contre la Covid-19 - Don de masques","isPartOf":{"@id":"https:\/\/gueouldiaspora.org\/#website"},"primaryImageOfPage":{"@id":"https:\/\/gueouldiaspora.org\/?p=366#primaryimage"},"image":{"@id":"https:\/\/gueouldiaspora.org\/?p=366#primaryimage"},"thumbnailUrl":"https:\/\/gueouldiaspora.org\/wp-content\/uploads\/2020\/12\/IMG-20201227-WA0006.jpg","datePublished":"2020-12-27T00:20:15+00:00","dateModified":"2020-12-31T20:32:45+00:00","author":{"@id":"https:\/\/gueouldiaspora.org\/#\/schema\/person\/393fdb8af6479bc8987f4f94f646d51b"},"description":"Remise d'un important lot de masques \u00e0 la mairie dans le but de contribuer \u00e0 la lutte contre la pand\u00e9mie de la Covid-19","inLanguage":"fr-FR","potentialAction":[{"@type":"ReadAction","target":["https:\/\/gueouldiaspora.org\/?p=366"]}]},{"@type":"ImageObject","inLanguage":"fr-FR","@id":"https:\/\/gueouldiaspora.org\/?p=366#primaryimage","url":"https:\/\/gueouldiaspora.org\/wp-content\/uploads\/2020\/12\/IMG-20201227-WA0006.jpg","contentUrl":"https:\/\/gueouldiaspora.org\/wp-content\/uploads\/2020\/12\/IMG-20201227-WA0006.jpg","width":1024,"height":768},{"@type":"WebSite","@id":"https:\/\/gueouldiaspora.org\/#website","url":"https:\/\/gueouldiaspora.org\/","name":"F\u00e9d\u00e9ration Gu\u00e9oul Diaspora","description":"S&#039;unir pour mieux Servir","potentialAction":[{"@type":"SearchAction","target":{"@type":"EntryPoint","urlTemplate":"https:\/\/gueouldiaspora.org\/?s={search_term_string}"},"query-input":{"@type":"PropertyValueSpecification","valueRequired":true,"valueName":"search_term_string"}}],"inLanguage":"fr-FR"},{"@type":"Person","@id":"https:\/\/gueouldiaspora.org\/#\/schema\/person\/393fdb8af6479bc8987f4f94f646d51b","name":"GUEOUL DIASPORA","image":{"@type":"ImageObject","inLanguage":"fr-FR","@id":"https:\/\/gueouldiaspora.org\/#\/schema\/person\/image\/","url":"https:\/\/secure.gravatar.com\/avatar\/da3f0e9f4bbf966f00fab1bfd8e7f7b7?s=96&d=mm&r=g","contentUrl":"https:\/\/secure.gravatar.com\/avatar\/da3f0e9f4bbf966f00fab1bfd8e7f7b7?s=96&d=mm&r=g","caption":"GUEOUL DIASPORA"},"url":"https:\/\/gueouldiaspora.org\/?author=2"}]}},"_links":{"self":[{"href":"https:\/\/gueouldiaspora.org\/index.php?rest_route=\/wp\/v2\/posts\/366","targetHints":{"allow":["GET"]}}],"collection":[{"href":"https:\/\/gueouldiaspora.org\/index.php?rest_route=\/wp\/v2\/posts"}],"about":[{"href":"https:\/\/gueouldiaspora.org\/index.php?rest_route=\/wp\/v2\/types\/post"}],"author":[{"embeddable":true,"href":"https:\/\/gueouldiaspora.org\/index.php?rest_route=\/wp\/v2\/users\/2"}],"replies":[{"embeddable":true,"href":"https:\/\/gueouldiaspora.org\/index.php?rest_route=%2Fwp%2Fv2%2Fcomments&post=366"}],"version-history":[{"count":1,"href":"https:\/\/gueouldiaspora.org\/index.php?rest_route=\/wp\/v2\/posts\/366\/revisions"}],"predecessor-version":[{"id":450,"href":"https:\/\/gueouldiaspora.org\/index.php?rest_route=\/wp\/v2\/posts\/366\/revisions\/450"}],"wp:featuredmedia":[{"embeddable":true,"href":"https:\/\/gueouldiaspora.org\/index.php?rest_route=\/wp\/v2\/media\/375"}],"wp:attachment":[{"href":"https:\/\/gueouldiaspora.org\/index.php?rest_route=%2Fwp%2Fv2%2Fmedia&parent=366"}],"wp:term":[{"taxonomy":"category","embeddable":true,"href":"https:\/\/gueouldiaspora.org\/index.php?rest_route=%2Fwp%2Fv2%2Fcategories&post=366"},{"taxonomy":"post_tag","embeddable":true,"href":"https:\/\/gueouldiaspora.org\/index.php?rest_route=%2Fwp%2Fv2%2Ftags&post=366"}],"curies":[{"name":"wp","href":"https:\/\/api.w.org\/{rel}","templated":true}]}}